{"id":1901,"date":"2026-09-05T11:39:06","date_gmt":"2026-09-05T09:39:06","guid":{"rendered":"https:\/\/loucreezart.fr\/web\/?p=1901"},"modified":"2026-09-05T11:39:37","modified_gmt":"2026-09-05T09:39:37","slug":"la-r-edaction","status":"publish","type":"post","link":"https:\/\/loucreezart.fr\/web\/index.php\/la-r-edaction\/","title":{"rendered":"La r\u00e9daction"},"content":{"rendered":"\n<p class=\"lp-chapo wp-block-paragraph\"><strong>Journalistes &amp; maquette \u00b7 au Crouz\u2019Art depuis 2008<\/strong><\/p>\n\n\n\n<p class=\"wp-block-paragraph\">Une petite \u00e9quipe qui \u00e9crit, photographie et met en page les quatre num\u00e9ros de l\u2019ann\u00e9e, et tient l\u2019agenda culturel du d\u00e9partement.<\/p>\n\n\n\n<h3 class=\"wp-block-heading\">Comp\u00e9tences<\/h3>\n\n\n\n<ul class=\"wp-block-list\">\n\n<li>Reportage<\/li>\n\n\n<li>Photographie<\/li>\n\n\n<li>Maquette<\/li>\n\n\n<li>Agenda culturel<\/li>\n\n<\/ul>\n\n\n\n<blockquote class=\"wp-block-quote is-layout-flow wp-block-quote-is-layout-flow\">\n\n<p class=\"wp-block-paragraph\">Le num\u00e9ro d\u2019\u00e9t\u00e9<\/p>\n\n<\/blockquote>\n\n\n\n<h3 class=\"wp-block-heading\">Son atelier<\/h3>\n\n\n\n<div class=\"wp-block-media-text is-stacked-on-mobile\" style=\"grid-template-columns:25% auto\"><figure class=\"wp-block-media-text__media\"><img loading=\"lazy\" decoding=\"async\" width=\"300\" height=\"400\" src=\"https:\/\/loucreezart.fr\/web\/wp-content\/uploads\/2026\/09\/strada-cc50457c.png\" alt=\"Strada\" class=\"wp-image-1896 size-full\" srcset=\"https:\/\/loucreezart.fr\/web\/wp-content\/uploads\/2026\/09\/strada-cc50457c.png 300w, https:\/\/loucreezart.fr\/web\/wp-content\/uploads\/2026\/09\/strada-cc50457c-225x300.png 225w\" sizes=\"auto, (max-width: 300px) 100vw, 300px\" \/><\/figure><div class=\"wp-block-media-text__content\">\n\n<p class=\"wp-block-paragraph\"><strong><a href=\"https:\/\/loucreezart.fr\/web\/index.php\/strada\/\">Strada<\/a><\/strong><\/p>\n\n\n<p class=\"has-small-font-size wp-block-paragraph\">Le magazine positif du bien vivre en Haute-Loire \u00b7 Niveau 0<\/p>\n\n<\/div><\/div>\n\n\n\n<h3 class=\"wp-block-heading\">O\u00f9 le rencontrer<\/h3>\n\n\n\n<ul class=\"wp-block-list\">\n\n<li>Pr\u00e9sence : Lun \u2192 Ven<\/li>\n\n\n<li>Acc\u00e8s : Rez-de-jardin, premi\u00e8re porte \u00e0 droite<\/li>\n\n<\/ul>\n","protected":false},"excerpt":{"rendered":"<p>Journalistes &#038; maquette<\/p>\n","protected":false},"author":12,"featured_media":1899,"comment_status":"closed","ping_status":"open","sticky":false,"template":"","format":"standard","meta":{"_sitemap_exclude":false,"_sitemap_priority":"","_sitemap_frequency":"","_jetpack_memberships_contains_paid_content":false,"footnotes":""},"categories":[10],"tags":[],"class_list":["post-1901","post","type-post","status-publish","format-standard","has-post-thumbnail","hentry","category-residents"],"jetpack_featured_media_url":"https:\/\/loucreezart.fr\/web\/wp-content\/uploads\/2026\/09\/strada-a35f1ac0.png","jetpack_sharing_enabled":true,"_links":{"self":[{"href":"https:\/\/loucreezart.fr\/web\/index.php\/wp-json\/wp\/v2\/posts\/1901","targetHints":{"allow":["GET"]}}],"collection":[{"href":"https:\/\/loucreezart.fr\/web\/index.php\/wp-json\/wp\/v2\/posts"}],"about":[{"href":"https:\/\/loucreezart.fr\/web\/index.php\/wp-json\/wp\/v2\/types\/post"}],"author":[{"embeddable":true,"href":"https:\/\/loucreezart.fr\/web\/index.php\/wp-json\/wp\/v2\/users\/12"}],"replies":[{"embeddable":true,"href":"https:\/\/loucreezart.fr\/web\/index.php\/wp-json\/wp\/v2\/comments?post=1901"}],"version-history":[{"count":0,"href":"https:\/\/loucreezart.fr\/web\/index.php\/wp-json\/wp\/v2\/posts\/1901\/revisions"}],"wp:featuredmedia":[{"embeddable":true,"href":"https:\/\/loucreezart.fr\/web\/index.php\/wp-json\/wp\/v2\/media\/1899"}],"wp:attachment":[{"href":"https:\/\/loucreezart.fr\/web\/index.php\/wp-json\/wp\/v2\/media?parent=1901"}],"wp:term":[{"taxonomy":"category","embeddable":true,"href":"https:\/\/loucreezart.fr\/web\/index.php\/wp-json\/wp\/v2\/categories?post=1901"},{"taxonomy":"post_tag","embeddable":true,"href":"https:\/\/loucreezart.fr\/web\/index.php\/wp-json\/wp\/v2\/tags?post=1901"}],"curies":[{"name":"wp","href":"https:\/\/api.w.org\/{rel}","templated":true}]}}