{"id":1898,"date":"2026-09-05T11:33:18","date_gmt":"2026-09-05T09:33:18","guid":{"rendered":"https:\/\/loucreezart.fr\/web\/?p=1898"},"modified":"2026-09-05T11:39:34","modified_gmt":"2026-09-05T09:39:34","slug":"strada","status":"publish","type":"post","link":"https:\/\/loucreezart.fr\/web\/index.php\/strada\/","title":{"rendered":"Strada"},"content":{"rendered":"\n<p class=\"lp-chapo wp-block-paragraph\"><strong>La r\u00e9daction d\u2019un magazine gratuit, trimestriel et positif, qui parle de la Haute-Loire et de ses acteurs depuis 2008.<\/strong><\/p>\n\n\n\n<p class=\"wp-block-paragraph\">STRADA est un magazine trimestriel gratuit, ind\u00e9pendant et engag\u00e9 dans l\u2019\u00e9conomie sociale et solidaire, diffus\u00e9 gr\u00e2ce au soutien de ses annonceurs locaux. Sa ligne \u00e9ditoriale est: Humaniste, \u00c9co-citoyen, Positif.<\/p>\n\n\n\n<p class=\"wp-block-paragraph\">STRADA s\u2019int\u00e9resse \u00e0 la nature pr\u00e9serv\u00e9e de nos territoires, mais surtout \u00e0 ceux qui les font vivre : leurs initiatives, leurs fa\u00e7ons d\u2019habiter et de travailler, leurs bonnes id\u00e9es et les solutions qu\u2019ils imaginent pour mieux vivre ici, ensemble.<\/p>\n\n\n\n<p class=\"wp-block-paragraph\">Il donne la parole \u00e0 des passionn\u00e9s, des acteurs locaux et des contributeurs qui partagent leurs exp\u00e9riences et leurs d\u00e9couvertes.<\/p>\n\n\n\n<p class=\"wp-block-paragraph\">STRADA d\u00e9crypte les tendances et met en lumi\u00e8re les initiatives qui vont dans le sens d\u2019un mieux-vivre, en harmonie avec soi-m\u00eame, avec les autres et avec la nature.<\/p>\n\n\n\n<p class=\"wp-block-paragraph\">&quot;Pas militants, mais engag\u00e9s: nous cherchons des solutions plut\u00f4t que simplement pointer les probl\u00e8mes.&quot;<\/p>\n\n\n\n<p class=\"wp-block-paragraph\">Le site strada-dici.com prolonge l\u2019exp\u00e9rience avec les archives des articles et un agenda des sorties : les Strada&#039;dates.<\/p>\n\n\n\n<p class=\"wp-block-paragraph\">\u00c0 cela s\u2019ajoutent deux plateformes compl\u00e9mentaires : Alter Strada, le r\u00e9seau d\u00e9di\u00e9 aux initiatives de transition, et Ros\u00e9e de Mai, l\u2019annuaire des professionnels du bien-\u00eatre.<\/p>\n\n\n\n<h3 class=\"wp-block-heading\">En chiffres<\/h3>\n\n\n\n<ul class=\"wp-block-list\">\n\n<li>0 \u20ac \u2014 le magazine, gratuit<\/li>\n\n\n<li>4 \u2014 num\u00e9ros par an<\/li>\n\n\n<li>2008 \u2014 ann\u00e9e de fondation<\/li>\n\n<\/ul>\n\n\n\n<h3 class=\"wp-block-heading\">Savoir-faire<\/h3>\n\n\n\n<ul class=\"wp-block-list\">\n\n<li>Reportage local<\/li>\n\n\n<li>\u00c9dition trimestrielle<\/li>\n\n\n<li>Agenda culturel<\/li>\n\n\n<li>R\u00e9gie publicitaire locale<\/li>\n\n\n<li>Magazine de solutions<\/li>\n\n<\/ul>\n\n\n\n<blockquote class=\"wp-block-quote is-layout-flow wp-block-quote-is-layout-flow\">\n\n<p class=\"wp-block-paragraph\"><strong>Proposer un sujet<\/strong><\/p>\n\n\n<p class=\"wp-block-paragraph\">La r\u00e9daction cherche en permanence des initiatives du plateau \u00e0 raconter. strada43@gmail.com \u00b7 06 50 42 06 64 \u00b7 strada-dici.com<\/p>\n\n<\/blockquote>\n\n\n\n<figure class=\"wp-block-gallery has-nested-images columns-default is-cropped wp-block-gallery-1 is-layout-flex wp-block-gallery-is-layout-flex\">\n\n<figure class=\"wp-block-image size-large\"><img loading=\"lazy\" decoding=\"async\" width=\"435\" height=\"326\" data-id=\"1895\" src=\"https:\/\/loucreezart.fr\/web\/wp-content\/uploads\/2026\/09\/strada-69c5976f.jpg\" alt=\"Une page du magazine (Strada)\" class=\"wp-image-1895\" srcset=\"https:\/\/loucreezart.fr\/web\/wp-content\/uploads\/2026\/09\/strada-69c5976f.jpg 435w, https:\/\/loucreezart.fr\/web\/wp-content\/uploads\/2026\/09\/strada-69c5976f-300x225.jpg 300w\" sizes=\"auto, (max-width: 435px) 100vw, 435px\" \/><figcaption class=\"wp-element-caption\">Une page du magazine (Strada)<\/figcaption><\/figure>\n\n<\/figure>\n\n\n\n<h3 class=\"wp-block-heading\">Qui y travaille<\/h3>\n\n\n\n<div class=\"wp-block-media-text is-stacked-on-mobile\" style=\"grid-template-columns:25% auto\"><figure class=\"wp-block-media-text__media\"><img loading=\"lazy\" decoding=\"async\" width=\"766\" height=\"560\" src=\"https:\/\/loucreezart.fr\/web\/wp-content\/uploads\/2026\/09\/strada-a35f1ac0.png\" alt=\"La r\u00e9daction\" class=\"wp-image-1899 size-full\" srcset=\"https:\/\/loucreezart.fr\/web\/wp-content\/uploads\/2026\/09\/strada-a35f1ac0.png 766w, https:\/\/loucreezart.fr\/web\/wp-content\/uploads\/2026\/09\/strada-a35f1ac0-300x219.png 300w\" sizes=\"auto, (max-width: 766px) 100vw, 766px\" \/><\/figure><div class=\"wp-block-media-text__content\">\n\n<p class=\"wp-block-paragraph\"><strong><a href=\"https:\/\/loucreezart.fr\/web\/index.php\/la-r-edaction\/\">La r\u00e9daction<\/a><\/strong><\/p>\n\n\n<p class=\"has-small-font-size wp-block-paragraph\">Journalistes &amp; maquette<\/p>\n\n<\/div><\/div>\n\n\n\n<h3 class=\"wp-block-heading\">En pratique<\/h3>\n\n\n\n<ul class=\"wp-block-list\">\n\n<li>Surface : 20,9 m\u00b2<\/li>\n\n\n<li>Niveau : Niveau 0<\/li>\n\n\n<li>Horaires : Lun \u2192 Ven \u00b7 9h \u2192 18h<\/li>\n\n\n<li>Acc\u00e8s : Rez-de-jardin, premi\u00e8re porte \u00e0 droite<\/li>\n\n\n<li>Visite : Les num\u00e9ros sont en libre service au showroom \u2014 la r\u00e9daction se visite sur rendez-vous<\/li>\n\n<\/ul>\n\n\n\n<h3 class=\"wp-block-heading\">Contact<\/h3>\n\n\n\n<ul class=\"wp-block-list\">\n\n<li><a href=\"mailto:strada43@gmail.com\">strada43@gmail.com<\/a><\/li>\n\n\n<li><a href=\"tel:0650420664\">06 50 42 06 64<\/a><\/li>\n\n\n<li><a href=\"https:\/\/www.strada-dici.com\">www.strada-dici.com<\/a><\/li>\n\n\n<li><a href=\"https:\/\/instagram.com\/stradamagazine\">Instagram @stradamagazine<\/a><\/li>\n\n\n<li><a href=\"https:\/\/facebook.com\/Strada magazine\">Facebook Strada magazine<\/a><\/li>\n\n<\/ul>\n\n\n\n<figure class=\"wp-block-image size-full is-resized lp-qr\"><img loading=\"lazy\" decoding=\"async\" src=\"https:\/\/loucreezart.fr\/web\/wp-content\/uploads\/2026\/09\/qr-atelier-45-e0d49677.png\" alt=\"Scannez pour enregistrer le contact\" class=\"wp-image-1897\" width=\"180\" height=\"180\" srcset=\"https:\/\/loucreezart.fr\/web\/wp-content\/uploads\/2026\/09\/qr-atelier-45-e0d49677.png 510w, https:\/\/loucreezart.fr\/web\/wp-content\/uploads\/2026\/09\/qr-atelier-45-e0d49677-300x300.png 300w, https:\/\/loucreezart.fr\/web\/wp-content\/uploads\/2026\/09\/qr-atelier-45-e0d49677-150x150.png 150w\" sizes=\"auto, (max-width: 180px) 100vw, 180px\" \/><figcaption class=\"wp-element-caption\">Scannez pour enregistrer le contact<\/figcaption><\/figure>\n","protected":false},"excerpt":{"rendered":"<p>La r\u00e9daction d\u2019un magazine gratuit, trimestriel et positif, qui parle de la Haute-Loire et de ses acteurs depuis 2008.<\/p>\n","protected":false},"author":12,"featured_media":1896,"comment_status":"closed","ping_status":"open","sticky":false,"template":"","format":"standard","meta":{"_sitemap_exclude":false,"_sitemap_priority":"","_sitemap_frequency":"","_jetpack_memberships_contains_paid_content":false,"footnotes":""},"categories":[18],"tags":[],"class_list":["post-1898","post","type-post","status-publish","format-standard","has-post-thumbnail","hentry","category-les-ateliers"],"jetpack_featured_media_url":"https:\/\/loucreezart.fr\/web\/wp-content\/uploads\/2026\/09\/strada-cc50457c.png","jetpack_sharing_enabled":true,"_links":{"self":[{"href":"https:\/\/loucreezart.fr\/web\/index.php\/wp-json\/wp\/v2\/posts\/1898","targetHints":{"allow":["GET"]}}],"collection":[{"href":"https:\/\/loucreezart.fr\/web\/index.php\/wp-json\/wp\/v2\/posts"}],"about":[{"href":"https:\/\/loucreezart.fr\/web\/index.php\/wp-json\/wp\/v2\/types\/post"}],"author":[{"embeddable":true,"href":"https:\/\/loucreezart.fr\/web\/index.php\/wp-json\/wp\/v2\/users\/12"}],"replies":[{"embeddable":true,"href":"https:\/\/loucreezart.fr\/web\/index.php\/wp-json\/wp\/v2\/comments?post=1898"}],"version-history":[{"count":0,"href":"https:\/\/loucreezart.fr\/web\/index.php\/wp-json\/wp\/v2\/posts\/1898\/revisions"}],"wp:featuredmedia":[{"embeddable":true,"href":"https:\/\/loucreezart.fr\/web\/index.php\/wp-json\/wp\/v2\/media\/1896"}],"wp:attachment":[{"href":"https:\/\/loucreezart.fr\/web\/index.php\/wp-json\/wp\/v2\/media?parent=1898"}],"wp:term":[{"taxonomy":"category","embeddable":true,"href":"https:\/\/loucreezart.fr\/web\/index.php\/wp-json\/wp\/v2\/categories?post=1898"},{"taxonomy":"post_tag","embeddable":true,"href":"https:\/\/loucreezart.fr\/web\/index.php\/wp-json\/wp\/v2\/tags?post=1898"}],"curies":[{"name":"wp","href":"https:\/\/api.w.org\/{rel}","templated":true}]}}